{"id":972,"date":"2024-11-12T10:41:29","date_gmt":"2024-11-12T10:41:29","guid":{"rendered":"https:\/\/aepdron.com\/?p=972"},"modified":"2025-03-25T09:21:57","modified_gmt":"2025-03-25T09:21:57","slug":"la-generalitat-valenciana-prohibe-el-uso-de-drones-privados-para-facilitar-rescates-en-la-dana","status":"publish","type":"post","link":"https:\/\/aepdron.com\/en\/la-generalitat-valenciana-prohibe-el-uso-de-drones-privados-para-facilitar-rescates-en-la-dana\/","title":{"rendered":"Private drones are prohibited in rescues during DANA in Valencia"},"content":{"rendered":"<div data-elementor-type=\"wp-post\" data-elementor-id=\"972\" class=\"elementor elementor-972\" data-elementor-post-type=\"post\">\n\t\t\t\t\t\t<section class=\"elementor-section elementor-top-section elementor-element elementor-element-9394334 elementor-section-boxed elementor-section-height-default elementor-section-height-default\" data-id=\"9394334\" data-element_type=\"section\" data-e-type=\"section\" data-settings=\"{&quot;jet_parallax_layout_list&quot;:[]}\">\n\t\t\t\t\t\t<div class=\"elementor-container elementor-column-gap-default\">\n\t\t\t\t\t<div class=\"elementor-column elementor-col-100 elementor-top-column elementor-element elementor-element-d50abba\" data-id=\"d50abba\" data-element_type=\"column\" data-e-type=\"column\">\n\t\t\t<div class=\"elementor-widget-wrap elementor-element-populated\">\n\t\t\t\t\t\t<div class=\"elementor-element elementor-element-196d32d elementor-widget elementor-widget-text-editor\" data-id=\"196d32d\" data-element_type=\"widget\" data-e-type=\"widget\" data-widget_type=\"text-editor.default\">\n\t\t\t\t<div class=\"elementor-widget-container\">\n\t\t\t\t\t\t\t\t\t<p>La Generalitat Valenciana ha implementado una serie de medidas para facilitar las tareas de emergencia y proteger la seguridad en las \u00e1reas afectadas por la reciente crisis de la DANA en la Comunidad Valenciana. Entre ellas, destaca la prohibici\u00f3n de vuelos de drones privados en las zonas m\u00e1s afectadas, una decisi\u00f3n tomada a trav\u00e9s del Centro de Coordinaci\u00f3n Operativa Integrada (CECOPI). Esta medida busca evitar interferencias en las operaciones de rescate y recuperaci\u00f3n, en las que los drones oficiales desempe\u00f1an un papel crucial.<\/p>\t\t\t\t\t\t\t\t<\/div>\n\t\t\t\t<\/div>\n\t\t\t\t\t<\/div>\n\t\t<\/div>\n\t\t\t\t\t<\/div>\n\t\t<\/section>\n\t\t\t\t<section class=\"elementor-section elementor-top-section elementor-element elementor-element-6674e51 elementor-section-boxed elementor-section-height-default elementor-section-height-default\" data-id=\"6674e51\" data-element_type=\"section\" data-e-type=\"section\" data-settings=\"{&quot;jet_parallax_layout_list&quot;:[]}\">\n\t\t\t\t\t\t<div class=\"elementor-container elementor-column-gap-default\">\n\t\t\t\t\t<div class=\"elementor-column elementor-col-100 elementor-top-column elementor-element elementor-element-2ff3d78\" data-id=\"2ff3d78\" data-element_type=\"column\" data-e-type=\"column\">\n\t\t\t<div class=\"elementor-widget-wrap elementor-element-populated\">\n\t\t\t\t\t\t<div class=\"elementor-element elementor-element-a8f4066 elementor-widget elementor-widget-image\" data-id=\"a8f4066\" data-element_type=\"widget\" data-e-type=\"widget\" data-widget_type=\"image.default\">\n\t\t\t\t<div class=\"elementor-widget-container\">\n\t\t\t\t\t\t\t\t\t\t\t\t\t\t\t<img fetchpriority=\"high\" decoding=\"async\" width=\"800\" height=\"800\" src=\"https:\/\/aepdron.com\/wp-content\/uploads\/2024\/11\/drones-rio-1024x1024.jpg\" class=\"attachment-large size-large wp-image-978\" alt=\"\" srcset=\"https:\/\/aepdron.com\/wp-content\/uploads\/2024\/11\/drones-rio-1024x1024.jpg 1024w, https:\/\/aepdron.com\/wp-content\/uploads\/2024\/11\/drones-rio-300x300.jpg 300w, https:\/\/aepdron.com\/wp-content\/uploads\/2024\/11\/drones-rio-150x150.jpg 150w, https:\/\/aepdron.com\/wp-content\/uploads\/2024\/11\/drones-rio-768x768.jpg 768w, https:\/\/aepdron.com\/wp-content\/uploads\/2024\/11\/drones-rio-600x600.jpg 600w, https:\/\/aepdron.com\/wp-content\/uploads\/2024\/11\/drones-rio-100x100.jpg 100w, https:\/\/aepdron.com\/wp-content\/uploads\/2024\/11\/drones-rio.jpg 1080w\" sizes=\"(max-width: 800px) 100vw, 800px\" \/>\t\t\t\t\t\t\t\t\t\t\t\t\t\t\t<\/div>\n\t\t\t\t<\/div>\n\t\t\t\t\t<\/div>\n\t\t<\/div>\n\t\t\t\t\t<\/div>\n\t\t<\/section>\n\t\t\t\t<section class=\"elementor-section elementor-top-section elementor-element elementor-element-61f9e9b elementor-section-boxed elementor-section-height-default elementor-section-height-default\" data-id=\"61f9e9b\" data-element_type=\"section\" data-e-type=\"section\" data-settings=\"{&quot;jet_parallax_layout_list&quot;:[]}\">\n\t\t\t\t\t\t<div class=\"elementor-container elementor-column-gap-default\">\n\t\t\t\t\t<div class=\"elementor-column elementor-col-100 elementor-top-column elementor-element elementor-element-3441a0b\" data-id=\"3441a0b\" data-element_type=\"column\" data-e-type=\"column\">\n\t\t\t<div class=\"elementor-widget-wrap elementor-element-populated\">\n\t\t\t\t\t\t<div class=\"elementor-element elementor-element-dec84f7 elementor-widget elementor-widget-text-editor\" data-id=\"dec84f7\" data-element_type=\"widget\" data-e-type=\"widget\" data-widget_type=\"text-editor.default\">\n\t\t\t\t<div class=\"elementor-widget-container\">\n\t\t\t\t\t\t\t\t\t<p>Las autoridades han advertido que la presencia de drones no autorizados podr\u00eda dificultar las tareas de rescate, poniendo en peligro tanto a los equipos de emergencia como a los civiles que requieren ayuda. En estos contextos, los drones oficiales se utilizan para llevar a cabo misiones esenciales, como la b\u00fasqueda y rescate de personas, la evaluaci\u00f3n de da\u00f1os y el apoyo log\u00edstico en \u00e1reas de dif\u00edcil acceso.<\/p><p><strong><em>\u201cEn situaciones de emergencia, la seguridad y la coordinaci\u00f3n son prioritarias. La restricci\u00f3n de drones privados permite operaciones de rescate m\u00e1s fluidas, eliminando riesgos de colisi\u00f3n o interferencias\u201d<\/em>, declar\u00f3 un portavoz de Protecci\u00f3n Civil.<\/strong><\/p><p>Adicionalmente, la Generalitat ha restringido temporalmente el tr\u00e1nsito de veh\u00edculos en las carreteras que conducen a los municipios m\u00e1s afectados, Esta medida busca asegurar que los servicios de emergencia puedan acceder sin dificultades, garantizando un flujo continuo para las unidades de rescate y el suministro de asistencia a las zonas da\u00f1adas.<\/p>\t\t\t\t\t\t\t\t<\/div>\n\t\t\t\t<\/div>\n\t\t\t\t\t<\/div>\n\t\t<\/div>\n\t\t\t\t\t<\/div>\n\t\t<\/section>\n\t\t\t\t<\/div>","protected":false},"excerpt":{"rendered":"<p>La Generalitat Valenciana ha implementado una serie de medidas para facilitar las tareas de emergencia y proteger la seguridad en las \u00e1reas afectadas por la reciente crisis de la DANA en la Comunidad Valenciana. Entre ellas, destaca la prohibici\u00f3n de vuelos de drones privados en las zonas m\u00e1s afectadas, una decisi\u00f3n tomada a trav\u00e9s del [&hellip;]<\/p>\n","protected":false},"author":1,"featured_media":978,"comment_status":"open","ping_status":"closed","sticky":false,"template":"","format":"standard","meta":{"pmpro_default_level":"","_joinchat":[],"footnotes":""},"categories":[1],"tags":[],"class_list":["post-972","post","type-post","status-publish","format-standard","has-post-thumbnail","hentry","category-uncategorized","pmpro-has-access"],"_links":{"self":[{"href":"https:\/\/aepdron.com\/en\/wp-json\/wp\/v2\/posts\/972","targetHints":{"allow":["GET"]}}],"collection":[{"href":"https:\/\/aepdron.com\/en\/wp-json\/wp\/v2\/posts"}],"about":[{"href":"https:\/\/aepdron.com\/en\/wp-json\/wp\/v2\/types\/post"}],"author":[{"embeddable":true,"href":"https:\/\/aepdron.com\/en\/wp-json\/wp\/v2\/users\/1"}],"replies":[{"embeddable":true,"href":"https:\/\/aepdron.com\/en\/wp-json\/wp\/v2\/comments?post=972"}],"version-history":[{"count":22,"href":"https:\/\/aepdron.com\/en\/wp-json\/wp\/v2\/posts\/972\/revisions"}],"predecessor-version":[{"id":1104,"href":"https:\/\/aepdron.com\/en\/wp-json\/wp\/v2\/posts\/972\/revisions\/1104"}],"wp:featuredmedia":[{"embeddable":true,"href":"https:\/\/aepdron.com\/en\/wp-json\/wp\/v2\/media\/978"}],"wp:attachment":[{"href":"https:\/\/aepdron.com\/en\/wp-json\/wp\/v2\/media?parent=972"}],"wp:term":[{"taxonomy":"category","embeddable":true,"href":"https:\/\/aepdron.com\/en\/wp-json\/wp\/v2\/categories?post=972"},{"taxonomy":"post_tag","embeddable":true,"href":"https:\/\/aepdron.com\/en\/wp-json\/wp\/v2\/tags?post=972"}],"curies":[{"name":"wp","href":"https:\/\/api.w.org\/{rel}","templated":true}]}}